{"id":1857,"date":"2023-10-11T13:41:37","date_gmt":"2023-10-11T16:41:37","guid":{"rendered":"https:\/\/criadix.online\/?p=1857"},"modified":"2023-10-11T13:41:37","modified_gmt":"2023-10-11T16:41:37","slug":"des-conseils-pratiques-pour-sorganiser-efficacement","status":"publish","type":"post","link":"https:\/\/vlatelie.com\/fr\/le-bien-etre\/des-conseils-pratiques-pour-sorganiser-efficacement\/","title":{"rendered":"Conseils pratiques pour s'organiser efficacement"},"content":{"rendered":"<h2>Conseils pratiques pour s'organiser efficacement<\/h2>\n<p>Dans un monde o\u00f9 tout va de plus en plus vite, la gestion du temps est devenue une comp\u00e9tence essentielle \u00e0 la r\u00e9ussite personnelle et professionnelle. Que vous soyez un \u00e9tudiant surcharg\u00e9 de t\u00e2ches, un entrepreneur cherchant \u00e0 am\u00e9liorer sa productivit\u00e9 ou simplement une personne d\u00e9sireuse de mieux utiliser son temps, ce guide est fait pour vous.<\/p>\n<h2>Pourquoi la gestion du temps est-elle si importante ?<\/h2>\n<p>Avant de nous plonger dans les strat\u00e9gies, il est essentiel de comprendre pourquoi la gestion du temps est cruciale. Le temps est une ressource limit\u00e9e et pr\u00e9cieuse qui, lorsqu'elle est bien g\u00e9r\u00e9e, peut donner des r\u00e9sultats incroyables.<\/p>\n<h3>Le temps, une ressource pr\u00e9cieuse<\/h3>\n<p>Consid\u00e9rez le temps comme de l'argent \u00e0 la banque. Chaque minute que vous ne d\u00e9pensez pas est comme un retrait de votre compte, et vous ne pouvez pas le r\u00e9cup\u00e9rer. Bien g\u00e9rer son temps est la cl\u00e9 pour tirer le meilleur parti de cette ressource pr\u00e9cieuse.<\/p>\n<h3>Les avantages d'une bonne gestion du temps<\/h3>\n<ul>\n<li><strong>Augmentation de la productivit\u00e9<\/strong>En organisant votre temps de mani\u00e8re efficace, vous pouvez faire plus en moins de temps.<\/li>\n<li><strong>R\u00e9duction du stress<\/strong>Moins de t\u00e2ches accumul\u00e9es signifie moins de pression et d'anxi\u00e9t\u00e9.<\/li>\n<li><strong>Am\u00e9lioration de la qualit\u00e9 de vie<\/strong>Avec un temps optimis\u00e9, il y a plus d'espace pour les activit\u00e9s personnelles et de loisirs.<\/li>\n<\/ul>\n<h2>D\u00e9finir vos priorit\u00e9s<\/h2>\n<p>Avant de commencer \u00e0 organiser votre temps, il est essentiel de d\u00e9terminer vos priorit\u00e9s. Cela vous aidera \u00e0 orienter vos efforts vers les t\u00e2ches les plus importantes et les plus significatives.<\/p>\n<h3>Fixer des priorit\u00e9s claires<\/h3>\n<ul>\n<li><strong>Identifier les objectifs personnels et professionnels<\/strong>Quels sont vos objectifs \u00e0 court, moyen et long terme ?<\/li>\n<li><strong>\u00c9valuer l'impact<\/strong>Classez vos t\u00e2ches en fonction de leur importance et de leur urgence.<\/li>\n<li><strong>Cr\u00e9er des listes de t\u00e2ches<\/strong>Les t\u00e2ches : Organisez vos t\u00e2ches en listes pour y voir plus clair.<\/li>\n<\/ul>\n<h2>Organisation et planification<\/h2>\n<p>Maintenant que vous avez d\u00e9fini vos priorit\u00e9s, il est temps de commencer \u00e0 organiser et \u00e0 planifier votre temps de mani\u00e8re efficace.<\/p>\n<h3>Utiliser des outils organisationnels<\/h3>\n<ul>\n<li><strong>Ordre du jour<\/strong>Les services de l'emploi : Tenez un agenda \u00e0 jour avec vos rendez-vous et vos \u00e9ch\u00e9ances.<\/li>\n<li><strong>Applications de gestion des t\u00e2ches<\/strong>Les t\u00e2ches : Utilisez des applications telles que Trello, Todoist ou Asana pour organiser vos t\u00e2ches.<\/li>\n<li><strong>Calendrier en ligne<\/strong>Synchronisez votre calendrier avec d'autres appareils pour un acc\u00e8s rapide.<\/li>\n<\/ul>\n<h3>Fixer des objectifs et des \u00e9ch\u00e9ances<\/h3>\n<ul>\n<li><strong>Fixer des objectifs SMART<\/strong>Sp\u00e9cifique, mesurable, atteignable, pertinent et limit\u00e9 dans le temps.<\/li>\n<li><strong>Diviser les t\u00e2ches en petites \u00e9tapes<\/strong>Cela facilite le suivi et la finalisation.<\/li>\n<li><strong>Fixer des d\u00e9lais r\u00e9alistes<\/strong>\u00c9vitez de vous surcharger avec des d\u00e9lais serr\u00e9s.<\/li>\n<\/ul>\n<h2>G\u00e9rer les distractions<\/h2>\n<p>L'un des plus grands d\u00e9fis de la gestion du temps est de faire face aux distractions qui surviennent tout au long de la journ\u00e9e.<\/p>\n<h3>Strat\u00e9gies pour g\u00e9rer les distractions<\/h3>\n<ul>\n<li><strong>Cr\u00e9er un environnement de travail cibl\u00e9<\/strong>\u00c9liminez les objets ou dispositifs susceptibles de vous distraire.<\/li>\n<li><strong>Fixer des heures pr\u00e9cises pour les courriels et les m\u00e9dias sociaux<\/strong>Les contr\u00f4les : \u00c9vitez les contr\u00f4les constants.<\/li>\n<li><strong>Utiliser la technique Pomodoro<\/strong>Les activit\u00e9s de recherche et de d\u00e9veloppement : Travailler par blocs de temps bien cibl\u00e9s, suivis de pauses.<\/li>\n<\/ul>\n<p>&nbsp;<\/p>\n<h4>Lire aussi : <a href=\"https:\/\/criadix.com\/aumentando-a-produtividade\/\">Augmenter la productivit\u00e9<\/a><\/h4>\n<p>&nbsp;<\/p>\n<h2>L'importance de l'autodiscipline<\/h2>\n<ul>\n<li><strong>Fixer des limites<\/strong>Apprendre \u00e0 dire non aux demandes non essentielles.<\/li>\n<li><strong>R\u00e9compensez-vous<\/strong>C\u00e9l\u00e9brez vos r\u00e9ussites pour rester motiv\u00e9.<\/li>\n<li><strong>Apprendre de ses erreurs<\/strong>Les r\u00e9sultats de l'\u00e9valuation des risques : Soyez flexible et adaptez votre approche en fonction des besoins.<\/li>\n<\/ul>\n<h2>\u00c9valuation et ajustements constants<\/h2>\n<p>Une gestion efficace du temps n'est pas statique ; elle n\u00e9cessite une \u00e9valuation et un ajustement constants.<\/p>\n<h3>\u00c9valuer vos progr\u00e8s<\/h3>\n<ul>\n<li><strong>Examinez r\u00e9guli\u00e8rement votre agenda<\/strong>V\u00e9rifiez que vous respectez vos objectifs et vos d\u00e9lais.<\/li>\n<li><strong>Demander un retour d'information<\/strong>Demandez \u00e0 des coll\u00e8gues ou \u00e0 des mentors d'\u00e9valuer votre productivit\u00e9.<\/li>\n<li><strong>Analyser son emploi du temps<\/strong>Les services d'aide \u00e0 l'enfance : Identifiez les domaines dans lesquels vous pouvez gagner du temps.<\/li>\n<\/ul>\n<h3>L'importance de l'adaptation<\/h3>\n<ul>\n<li><strong>\u00catre pr\u00eat \u00e0 faire des changements<\/strong>Si quelque chose ne fonctionne pas, adaptez votre approche.<\/li>\n<li><strong>Apprendre des meilleurs<\/strong>Les personnes qui r\u00e9ussissent : \u00c9tudier la gestion du temps des personnes qui r\u00e9ussissent.<\/li>\n<li><strong>Garder l'\u00e9quilibre<\/strong>N'oubliez pas de vous r\u00e9server du temps pour le repos et les loisirs.<\/li>\n<\/ul>\n<h2>Conclusion<\/h2>\n<p>Gr\u00e2ce \u00e0 ces conseils pratiques, s'organiser efficacement est une comp\u00e9tence qui peut transformer votre vie, car elle vous permet d'atteindre vos objectifs de mani\u00e8re efficace et de r\u00e9duire le stress. En bref, n'oubliez pas que l'organisation du temps est un processus continu et que vous pouvez l'am\u00e9liorer au fil du temps. Essayez les strat\u00e9gies mentionn\u00e9es dans cet article et adaptez-les \u00e0 vos besoins personnels. Avec de l'application et de la pratique, vous serez sur la bonne voie pour mener une vie plus productive et plus satisfaisante.<\/p>","protected":false},"excerpt":{"rendered":"<p>Dicas Pr\u00e1ticas para se Organizar de Forma Eficiente Em um mundo cada vez mais acelerado, a gest\u00e3o de tempo tornou-se uma habilidade essencial para o sucesso pessoal e profissional. Entretanto seja voc\u00ea um estudante com muitas tarefas, um empreendedor tentando melhorar a produtividade ou apenas algu\u00e9m querendo aproveitar melhor o tempo, este guia \u00e9 para [&hellip;]<\/p>","protected":false},"author":11,"featured_media":1861,"comment_status":"open","ping_status":"open","sticky":false,"template":"","format":"standard","meta":{"footnotes":""},"categories":[210],"tags":[231,232,233,234,235],"class_list":["post-1857","post","type-post","status-publish","format-standard","has-post-thumbnail","hentry","category-bem-estar","tag-dicas-de-organizacao","tag-gestao-do-tempo","tag-organizacao-pessoal","tag-planejamento-pessoal","tag-produtividade"],"blocksy_meta":[],"yoast_head":"<!-- This site is optimized with the Yoast SEO Premium plugin v27.2 (Yoast SEO v27.2) - https:\/\/yoast.com\/product\/yoast-seo-premium-wordpress\/ -->\n<title>Dicas Pr\u00e1ticas para se Organizar de Forma Eficiente - VLAteli\u00ea e Ateli\u00ea da Decora\u00e7\u00e3o<\/title>\n<meta name=\"description\" content=\"Descubra dicas pr\u00e1ticas para se organizar eficientemente, aumentar sua produtividade e melhorar a gest\u00e3o do tempo.&quot;\" \/>\n<meta name=\"robots\" content=\"index, follow, max-snippet:-1, max-image-preview:large, max-video-preview:-1\" \/>\n<link rel=\"canonical\" href=\"https:\/\/floralwhite-whale-967499.hostingersite.com\/fr\/le-bien-etre\/des-conseils-pratiques-pour-sorganiser-efficacement\/\" \/>\n<meta property=\"og:locale\" content=\"fr_FR\" \/>\n<meta property=\"og:type\" content=\"article\" \/>\n<meta property=\"og:title\" content=\"Dicas Pr\u00e1ticas para se Organizar de Forma Eficiente\" \/>\n<meta property=\"og:description\" content=\"Descubra dicas pr\u00e1ticas para se organizar eficientemente, aumentar sua produtividade e melhorar a gest\u00e3o do tempo.&quot;\" \/>\n<meta property=\"og:url\" content=\"https:\/\/floralwhite-whale-967499.hostingersite.com\/fr\/le-bien-etre\/des-conseils-pratiques-pour-sorganiser-efficacement\/\" \/>\n<meta property=\"og:site_name\" content=\"VLAteli\u00ea e Ateli\u00ea da Decora\u00e7\u00e3o\" \/>\n<meta property=\"article:publisher\" content=\"https:\/\/www.facebook.com\/ateliedadecora\" \/>\n<meta property=\"article:author\" content=\"https:\/\/www.facebook.com\/ateliedadecora\" \/>\n<meta property=\"article:published_time\" content=\"2023-10-11T16:41:37+00:00\" \/>\n<meta property=\"og:image\" content=\"https:\/\/floralwhite-whale-967499.hostingersite.com\/wp-content\/uploads\/2023\/10\/gestao_tempo.png\" \/>\n\t<meta property=\"og:image:width\" content=\"790\" \/>\n\t<meta property=\"og:image:height\" content=\"500\" \/>\n\t<meta property=\"og:image:type\" content=\"image\/png\" \/>\n<meta name=\"author\" content=\"Cintia Smel\u00e1n\" \/>\n<meta name=\"twitter:card\" content=\"summary_large_image\" \/>\n<meta name=\"twitter:label1\" content=\"\u00c9crit par\" \/>\n\t<meta name=\"twitter:data1\" content=\"Cintia Smel\u00e1n\" \/>\n\t<meta name=\"twitter:label2\" content=\"Dur\u00e9e de lecture estim\u00e9e\" \/>\n\t<meta name=\"twitter:data2\" content=\"4 minutes\" \/>\n<script type=\"application\/ld+json\" class=\"yoast-schema-graph\">{\"@context\":\"https:\/\/schema.org\",\"@graph\":[{\"@type\":\"Article\",\"@id\":\"https:\/\/floralwhite-whale-967499.hostingersite.com\/fr\/le-bien-etre\/des-conseils-pratiques-pour-sorganiser-efficacement\/#article\",\"isPartOf\":{\"@id\":\"https:\/\/floralwhite-whale-967499.hostingersite.com\/fr\/le-bien-etre\/des-conseils-pratiques-pour-sorganiser-efficacement\/\"},\"author\":{\"name\":\"Cintia Smel\u00e1n\",\"@id\":\"https:\/\/vlatelie.com\/en\/#\/schema\/person\/c4e8b999386dc3c3caf89280b3fa12fe\"},\"headline\":\"Dicas Pr\u00e1ticas para se Organizar de Forma Eficiente\",\"datePublished\":\"2023-10-11T16:41:37+00:00\",\"mainEntityOfPage\":{\"@id\":\"https:\/\/floralwhite-whale-967499.hostingersite.com\/fr\/le-bien-etre\/des-conseils-pratiques-pour-sorganiser-efficacement\/\"},\"wordCount\":730,\"commentCount\":0,\"publisher\":{\"@id\":\"https:\/\/vlatelie.com\/en\/#organization\"},\"image\":{\"@id\":\"https:\/\/floralwhite-whale-967499.hostingersite.com\/fr\/le-bien-etre\/des-conseils-pratiques-pour-sorganiser-efficacement\/#primaryimage\"},\"thumbnailUrl\":\"https:\/\/vlatelie.com\/wp-content\/uploads\/2023\/10\/gestao_tempo.png\",\"keywords\":[\"Dicas de Organiza\u00e7\u00e3o\",\"gest\u00e3o do tempo\",\"Organiza\u00e7\u00e3o Pessoal\",\"Planejamento Pessoal\",\"Produtividade\"],\"articleSection\":[\"Bem-estar\"],\"inLanguage\":\"fr-FR\",\"potentialAction\":[{\"@type\":\"CommentAction\",\"name\":\"Comment\",\"target\":[\"https:\/\/floralwhite-whale-967499.hostingersite.com\/fr\/le-bien-etre\/des-conseils-pratiques-pour-sorganiser-efficacement\/#respond\"]}],\"copyrightYear\":\"2023\",\"copyrightHolder\":{\"@id\":\"https:\/\/vlatelie.com\/fr\/#organization\"}},{\"@type\":\"WebPage\",\"@id\":\"https:\/\/floralwhite-whale-967499.hostingersite.com\/fr\/le-bien-etre\/des-conseils-pratiques-pour-sorganiser-efficacement\/\",\"url\":\"https:\/\/floralwhite-whale-967499.hostingersite.com\/fr\/le-bien-etre\/des-conseils-pratiques-pour-sorganiser-efficacement\/\",\"name\":\"Dicas Pr\u00e1ticas para se Organizar de Forma Eficiente - VLAteli\u00ea e Ateli\u00ea da Decora\u00e7\u00e3o\",\"isPartOf\":{\"@id\":\"https:\/\/vlatelie.com\/en\/#website\"},\"primaryImageOfPage\":{\"@id\":\"https:\/\/floralwhite-whale-967499.hostingersite.com\/fr\/le-bien-etre\/des-conseils-pratiques-pour-sorganiser-efficacement\/#primaryimage\"},\"image\":{\"@id\":\"https:\/\/floralwhite-whale-967499.hostingersite.com\/fr\/le-bien-etre\/des-conseils-pratiques-pour-sorganiser-efficacement\/#primaryimage\"},\"thumbnailUrl\":\"https:\/\/vlatelie.com\/wp-content\/uploads\/2023\/10\/gestao_tempo.png\",\"datePublished\":\"2023-10-11T16:41:37+00:00\",\"description\":\"Descubra dicas pr\u00e1ticas para se organizar eficientemente, aumentar sua produtividade e melhorar a gest\u00e3o do tempo.\\\"\",\"breadcrumb\":{\"@id\":\"https:\/\/floralwhite-whale-967499.hostingersite.com\/fr\/le-bien-etre\/des-conseils-pratiques-pour-sorganiser-efficacement\/#breadcrumb\"},\"inLanguage\":\"fr-FR\",\"potentialAction\":[{\"@type\":\"ReadAction\",\"target\":[\"https:\/\/floralwhite-whale-967499.hostingersite.com\/fr\/le-bien-etre\/des-conseils-pratiques-pour-sorganiser-efficacement\/\"]}]},{\"@type\":\"ImageObject\",\"inLanguage\":\"fr-FR\",\"@id\":\"https:\/\/floralwhite-whale-967499.hostingersite.com\/fr\/le-bien-etre\/des-conseils-pratiques-pour-sorganiser-efficacement\/#primaryimage\",\"url\":\"https:\/\/vlatelie.com\/wp-content\/uploads\/2023\/10\/gestao_tempo.png\",\"contentUrl\":\"https:\/\/vlatelie.com\/wp-content\/uploads\/2023\/10\/gestao_tempo.png\",\"width\":790,\"height\":500,\"caption\":\"Relogio e calendario, Como se organizar eficazmente\"},{\"@type\":\"BreadcrumbList\",\"@id\":\"https:\/\/floralwhite-whale-967499.hostingersite.com\/fr\/le-bien-etre\/des-conseils-pratiques-pour-sorganiser-efficacement\/#breadcrumb\",\"itemListElement\":[{\"@type\":\"ListItem\",\"position\":1,\"name\":\"In\u00edcio\",\"item\":\"https:\/\/vlatelie.com\/en\/\"},{\"@type\":\"ListItem\",\"position\":2,\"name\":\"Dicas Pr\u00e1ticas para se Organizar de Forma Eficiente\"}]},{\"@type\":\"WebSite\",\"@id\":\"https:\/\/vlatelie.com\/en\/#website\",\"url\":\"https:\/\/vlatelie.com\/en\/\",\"name\":\"VLAteli\u00ea e Ateli\u00ea da Decora\u00e7\u00e3o\",\"description\":\"Onde cada pe\u00e7a conta uma hist\u00f3ria\",\"publisher\":{\"@id\":\"https:\/\/vlatelie.com\/en\/#organization\"},\"alternateName\":\"VLAteli\u00ea\",\"potentialAction\":[{\"@type\":\"SearchAction\",\"target\":{\"@type\":\"EntryPoint\",\"urlTemplate\":\"https:\/\/vlatelie.com\/en\/?s={search_term_string}\"},\"query-input\":{\"@type\":\"PropertyValueSpecification\",\"valueRequired\":true,\"valueName\":\"search_term_string\"}}],\"inLanguage\":\"fr-FR\"},{\"@type\":\"Organization\",\"@id\":\"https:\/\/vlatelie.com\/en\/#organization\",\"name\":\"VLAteli\u00ea e Ateli\u00ea da Decora\u00e7\u00e3o\",\"url\":\"https:\/\/vlatelie.com\/en\/\",\"logo\":{\"@type\":\"ImageObject\",\"inLanguage\":\"fr-FR\",\"@id\":\"https:\/\/vlatelie.com\/en\/#\/schema\/logo\/image\/\",\"url\":\"https:\/\/vlatelie.com\/wp-content\/uploads\/2024\/03\/logo_vlatelie_pink.svg\",\"contentUrl\":\"https:\/\/vlatelie.com\/wp-content\/uploads\/2024\/03\/logo_vlatelie_pink.svg\",\"width\":377,\"height\":127,\"caption\":\"VLAteli\u00ea e Ateli\u00ea da Decora\u00e7\u00e3o\"},\"image\":{\"@id\":\"https:\/\/vlatelie.com\/en\/#\/schema\/logo\/image\/\"},\"sameAs\":[\"https:\/\/www.facebook.com\/ateliedadecora\",\"https:\/\/www.instagram.com\/ateliedadecora\"],\"hasMerchantReturnPolicy\":{\"@type\":\"MerchantReturnPolicy\",\"merchantReturnLink\":\"https:\/\/vlatelie.com\/fr\/politique-de-retour-et-de-remboursement\/\"}},{\"@type\":\"Person\",\"@id\":\"https:\/\/vlatelie.com\/en\/#\/schema\/person\/c4e8b999386dc3c3caf89280b3fa12fe\",\"name\":\"Cintia Smel\u00e1n\",\"image\":{\"@type\":\"ImageObject\",\"inLanguage\":\"fr-FR\",\"@id\":\"https:\/\/vlatelie.com\/wp-content\/litespeed\/avatar\/37b4e60e83dea58314789b23aca20751.jpg?ver=1777391499\",\"url\":\"https:\/\/vlatelie.com\/wp-content\/litespeed\/avatar\/37b4e60e83dea58314789b23aca20751.jpg?ver=1777391499\",\"contentUrl\":\"https:\/\/vlatelie.com\/wp-content\/litespeed\/avatar\/37b4e60e83dea58314789b23aca20751.jpg?ver=1777391499\",\"caption\":\"Cintia Smel\u00e1n\"},\"description\":\"Desde cedo, descobri minha paix\u00e3o pela escrita, considerando-a uma forma poderosa de me conectar com os outros e transmitir mensagens significativas. Essa paix\u00e3o me impulsiona a compartilhar minhas reflex\u00f5es e experi\u00eancias em meu blog pessoal, onde me inspira e envolve minha comunidade online.\",\"sameAs\":[\"https:\/\/ateliedadecora.com\",\"https:\/\/www.facebook.com\/ateliedadecora\",\"https:\/\/www.instagram.com\/ateliedadecora\"],\"honorificPrefix\":\"Sra.\",\"birthDate\":\"1982-10-20\",\"gender\":\"feminino\",\"url\":\"https:\/\/vlatelie.com\/fr\/author\/cintia-cestaro\/\"}]}<\/script>\n<!-- \/ Yoast SEO Premium plugin. -->","yoast_head_json":{"title":"Conseils pratiques pour une organisation efficace - VLAteli\u00ea et Ateli\u00ea da Decora\u00e7\u00e3o","description":"D\u00e9couvrez des conseils pratiques pour vous organiser efficacement, augmenter votre productivit\u00e9 et mieux g\u00e9rer votre temps\".","robots":{"index":"index","follow":"follow","max-snippet":"max-snippet:-1","max-image-preview":"max-image-preview:large","max-video-preview":"max-video-preview:-1"},"canonical":"https:\/\/floralwhite-whale-967499.hostingersite.com\/fr\/le-bien-etre\/des-conseils-pratiques-pour-sorganiser-efficacement\/","og_locale":"fr_FR","og_type":"article","og_title":"Dicas Pr\u00e1ticas para se Organizar de Forma Eficiente","og_description":"Descubra dicas pr\u00e1ticas para se organizar eficientemente, aumentar sua produtividade e melhorar a gest\u00e3o do tempo.\"","og_url":"https:\/\/floralwhite-whale-967499.hostingersite.com\/fr\/le-bien-etre\/des-conseils-pratiques-pour-sorganiser-efficacement\/","og_site_name":"VLAteli\u00ea e Ateli\u00ea da Decora\u00e7\u00e3o","article_publisher":"https:\/\/www.facebook.com\/ateliedadecora","article_author":"https:\/\/www.facebook.com\/ateliedadecora","article_published_time":"2023-10-11T16:41:37+00:00","og_image":[{"width":790,"height":500,"url":"https:\/\/floralwhite-whale-967499.hostingersite.com\/wp-content\/uploads\/2023\/10\/gestao_tempo.png","type":"image\/png"}],"author":"Cintia Smel\u00e1n","twitter_card":"summary_large_image","twitter_misc":{"\u00c9crit par":"Cintia Smel\u00e1n","Dur\u00e9e de lecture estim\u00e9e":"4 minutes"},"schema":{"@context":"https:\/\/schema.org","@graph":[{"@type":"Article","@id":"https:\/\/floralwhite-whale-967499.hostingersite.com\/fr\/le-bien-etre\/des-conseils-pratiques-pour-sorganiser-efficacement\/#article","isPartOf":{"@id":"https:\/\/floralwhite-whale-967499.hostingersite.com\/fr\/le-bien-etre\/des-conseils-pratiques-pour-sorganiser-efficacement\/"},"author":{"name":"Cintia Smel\u00e1n","@id":"https:\/\/vlatelie.com\/en\/#\/schema\/person\/c4e8b999386dc3c3caf89280b3fa12fe"},"headline":"Dicas Pr\u00e1ticas para se Organizar de Forma Eficiente","datePublished":"2023-10-11T16:41:37+00:00","mainEntityOfPage":{"@id":"https:\/\/floralwhite-whale-967499.hostingersite.com\/fr\/le-bien-etre\/des-conseils-pratiques-pour-sorganiser-efficacement\/"},"wordCount":730,"commentCount":0,"publisher":{"@id":"https:\/\/vlatelie.com\/en\/#organization"},"image":{"@id":"https:\/\/floralwhite-whale-967499.hostingersite.com\/fr\/le-bien-etre\/des-conseils-pratiques-pour-sorganiser-efficacement\/#primaryimage"},"thumbnailUrl":"https:\/\/vlatelie.com\/wp-content\/uploads\/2023\/10\/gestao_tempo.png","keywords":["Dicas de Organiza\u00e7\u00e3o","gest\u00e3o do tempo","Organiza\u00e7\u00e3o Pessoal","Planejamento Pessoal","Produtividade"],"articleSection":["Bem-estar"],"inLanguage":"fr-FR","potentialAction":[{"@type":"CommentAction","name":"Comment","target":["https:\/\/floralwhite-whale-967499.hostingersite.com\/fr\/le-bien-etre\/des-conseils-pratiques-pour-sorganiser-efficacement\/#respond"]}],"copyrightYear":"2023","copyrightHolder":{"@id":"https:\/\/vlatelie.com\/fr\/#organization"}},{"@type":"WebPage","@id":"https:\/\/floralwhite-whale-967499.hostingersite.com\/fr\/le-bien-etre\/des-conseils-pratiques-pour-sorganiser-efficacement\/","url":"https:\/\/floralwhite-whale-967499.hostingersite.com\/fr\/le-bien-etre\/des-conseils-pratiques-pour-sorganiser-efficacement\/","name":"Conseils pratiques pour une organisation efficace - VLAteli\u00ea et Ateli\u00ea da Decora\u00e7\u00e3o","isPartOf":{"@id":"https:\/\/vlatelie.com\/en\/#website"},"primaryImageOfPage":{"@id":"https:\/\/floralwhite-whale-967499.hostingersite.com\/fr\/le-bien-etre\/des-conseils-pratiques-pour-sorganiser-efficacement\/#primaryimage"},"image":{"@id":"https:\/\/floralwhite-whale-967499.hostingersite.com\/fr\/le-bien-etre\/des-conseils-pratiques-pour-sorganiser-efficacement\/#primaryimage"},"thumbnailUrl":"https:\/\/vlatelie.com\/wp-content\/uploads\/2023\/10\/gestao_tempo.png","datePublished":"2023-10-11T16:41:37+00:00","description":"D\u00e9couvrez des conseils pratiques pour vous organiser efficacement, augmenter votre productivit\u00e9 et mieux g\u00e9rer votre temps\".","breadcrumb":{"@id":"https:\/\/floralwhite-whale-967499.hostingersite.com\/fr\/le-bien-etre\/des-conseils-pratiques-pour-sorganiser-efficacement\/#breadcrumb"},"inLanguage":"fr-FR","potentialAction":[{"@type":"ReadAction","target":["https:\/\/floralwhite-whale-967499.hostingersite.com\/fr\/le-bien-etre\/des-conseils-pratiques-pour-sorganiser-efficacement\/"]}]},{"@type":"ImageObject","inLanguage":"fr-FR","@id":"https:\/\/floralwhite-whale-967499.hostingersite.com\/fr\/le-bien-etre\/des-conseils-pratiques-pour-sorganiser-efficacement\/#primaryimage","url":"https:\/\/vlatelie.com\/wp-content\/uploads\/2023\/10\/gestao_tempo.png","contentUrl":"https:\/\/vlatelie.com\/wp-content\/uploads\/2023\/10\/gestao_tempo.png","width":790,"height":500,"caption":"Relogio e calendario, Como se organizar eficazmente"},{"@type":"BreadcrumbList","@id":"https:\/\/floralwhite-whale-967499.hostingersite.com\/fr\/le-bien-etre\/des-conseils-pratiques-pour-sorganiser-efficacement\/#breadcrumb","itemListElement":[{"@type":"ListItem","position":1,"name":"In\u00edcio","item":"https:\/\/vlatelie.com\/en\/"},{"@type":"ListItem","position":2,"name":"Dicas Pr\u00e1ticas para se Organizar de Forma Eficiente"}]},{"@type":"WebSite","@id":"https:\/\/vlatelie.com\/en\/#website","url":"https:\/\/vlatelie.com\/en\/","name":"VLAteli\u00ea et Ateli\u00ea da Decora\u00e7\u00e3o","description":"O\u00f9 chaque pi\u00e8ce raconte une histoire","publisher":{"@id":"https:\/\/vlatelie.com\/en\/#organization"},"alternateName":"VLAteli\u00ea","potentialAction":[{"@type":"SearchAction","target":{"@type":"EntryPoint","urlTemplate":"https:\/\/vlatelie.com\/en\/?s={search_term_string}"},"query-input":{"@type":"PropertyValueSpecification","valueRequired":true,"valueName":"search_term_string"}}],"inLanguage":"fr-FR"},{"@type":"Organization","@id":"https:\/\/vlatelie.com\/en\/#organization","name":"VLAteli\u00ea et Ateli\u00ea da Decora\u00e7\u00e3o","url":"https:\/\/vlatelie.com\/en\/","logo":{"@type":"ImageObject","inLanguage":"fr-FR","@id":"https:\/\/vlatelie.com\/en\/#\/schema\/logo\/image\/","url":"https:\/\/vlatelie.com\/wp-content\/uploads\/2024\/03\/logo_vlatelie_pink.svg","contentUrl":"https:\/\/vlatelie.com\/wp-content\/uploads\/2024\/03\/logo_vlatelie_pink.svg","width":377,"height":127,"caption":"VLAteli\u00ea e Ateli\u00ea da Decora\u00e7\u00e3o"},"image":{"@id":"https:\/\/vlatelie.com\/en\/#\/schema\/logo\/image\/"},"sameAs":["https:\/\/www.facebook.com\/ateliedadecora","https:\/\/www.instagram.com\/ateliedadecora"],"hasMerchantReturnPolicy":{"@type":"MerchantReturnPolicy","merchantReturnLink":"https:\/\/vlatelie.com\/fr\/politique-de-retour-et-de-remboursement\/"}},{"@type":"Person","@id":"https:\/\/vlatelie.com\/en\/#\/schema\/person\/c4e8b999386dc3c3caf89280b3fa12fe","name":"Cintia Smel\u00e1n","image":{"@type":"ImageObject","inLanguage":"fr-FR","@id":"https:\/\/vlatelie.com\/wp-content\/litespeed\/avatar\/37b4e60e83dea58314789b23aca20751.jpg?ver=1777391499","url":"https:\/\/vlatelie.com\/wp-content\/litespeed\/avatar\/37b4e60e83dea58314789b23aca20751.jpg?ver=1777391499","contentUrl":"https:\/\/vlatelie.com\/wp-content\/litespeed\/avatar\/37b4e60e83dea58314789b23aca20751.jpg?ver=1777391499","caption":"Cintia Smel\u00e1n"},"description":"D\u00e8s mon plus jeune \u00e2ge, j'ai d\u00e9couvert ma passion pour l'\u00e9criture, consid\u00e9rant qu'il s'agissait d'un moyen puissant de communiquer avec les autres et de transmettre des messages significatifs. Cette passion me pousse \u00e0 partager mes r\u00e9flexions et mes exp\u00e9riences sur mon blog personnel, o\u00f9 j'inspire et engage ma communaut\u00e9 en ligne.","sameAs":["https:\/\/ateliedadecora.com","https:\/\/www.facebook.com\/ateliedadecora","https:\/\/www.instagram.com\/ateliedadecora"],"honorificPrefix":"Sra.","birthDate":"1982-10-20","gender":"feminino","url":"https:\/\/vlatelie.com\/fr\/author\/cintia-cestaro\/"}]}},"_links":{"self":[{"href":"https:\/\/vlatelie.com\/fr\/wp-json\/wp\/v2\/posts\/1857","targetHints":{"allow":["GET"]}}],"collection":[{"href":"https:\/\/vlatelie.com\/fr\/wp-json\/wp\/v2\/posts"}],"about":[{"href":"https:\/\/vlatelie.com\/fr\/wp-json\/wp\/v2\/types\/post"}],"author":[{"embeddable":true,"href":"https:\/\/vlatelie.com\/fr\/wp-json\/wp\/v2\/users\/11"}],"replies":[{"embeddable":true,"href":"https:\/\/vlatelie.com\/fr\/wp-json\/wp\/v2\/comments?post=1857"}],"version-history":[{"count":0,"href":"https:\/\/vlatelie.com\/fr\/wp-json\/wp\/v2\/posts\/1857\/revisions"}],"wp:featuredmedia":[{"embeddable":true,"href":"https:\/\/vlatelie.com\/fr\/wp-json\/wp\/v2\/media\/1861"}],"wp:attachment":[{"href":"https:\/\/vlatelie.com\/fr\/wp-json\/wp\/v2\/media?parent=1857"}],"wp:term":[{"taxonomy":"category","embeddable":true,"href":"https:\/\/vlatelie.com\/fr\/wp-json\/wp\/v2\/categories?post=1857"},{"taxonomy":"post_tag","embeddable":true,"href":"https:\/\/vlatelie.com\/fr\/wp-json\/wp\/v2\/tags?post=1857"}],"curies":[{"name":"wp","href":"https:\/\/api.w.org\/{rel}","templated":true}]}}