{"id":1904,"date":"2024-02-06T12:41:30","date_gmt":"2024-02-06T15:41:30","guid":{"rendered":"https:\/\/criadix.online\/?p=1904"},"modified":"2024-02-06T12:41:30","modified_gmt":"2024-02-06T15:41:30","slug":"la-culture-de-plantes-comestibles-sur-les-balcons","status":"publish","type":"post","link":"https:\/\/vlatelie.com\/fr\/le-bien-etre\/la-culture-de-plantes-comestibles-sur-les-balcons\/","title":{"rendered":"Cultiver des plantes comestibles sur les balcons"},"content":{"rendered":"<div class=\"flex-1 overflow-hidden\">\n<div class=\"react-scroll-to-bottom--css-ijlcn-79elbk h-full\">\n<div class=\"react-scroll-to-bottom--css-ijlcn-1n7m0yu\">\n<div class=\"flex flex-col pb-9 text-sm\">\n<div class=\"w-full text-token-text-primary\" data-testid=\"conversation-turn-21\">\n<div class=\"px-4 py-2 justify-center text-base md:gap-6 m-auto\">\n<div class=\"flex flex-1 text-base mx-auto gap-3 md:px-5 lg:px-1 xl:px-5 md:max-w-3xl lg:max-w-[40rem] xl:max-w-[48rem] group final-completion\">\n<div class=\"relative flex w-full flex-col lg:w-[calc(100%-115px)] agent-turn\">\n<div class=\"flex-col gap-1 md:gap-3\">\n<div class=\"flex flex-grow flex-col max-w-full\">\n<div class=\"min-h-[20px] text-message flex flex-col items-start gap-3 whitespace-pre-wrap break-words [.text-message+&amp;]:mt-5 overflow-x-auto\" data-message-author-role=\"assistant\" data-message-id=\"14225060-50bd-4a46-944c-7fbf9de93954\">\n<div class=\"markdown prose w-full break-words dark:prose-invert light\">\n<p>La culture de plantes comestibles sur les balcons est un moyen incroyable d'apporter de la fra\u00eecheur et de la saveur \u00e0 votre maison, m\u00eame dans des espaces urbains limit\u00e9s. Dans ce guide complet, nous allons explorer toutes les \u00e9tapes n\u00e9cessaires pour transformer votre balcon en un v\u00e9ritable jardin gourmet, fournissant des aliments frais et d\u00e9licieux provenant directement de votre propre espace vert.<\/p>\n<h3><strong>Exploiter le potentiel des balcons verts<\/strong><\/h3>\n<p>Les balcons sont souvent sous-utilis\u00e9s dans les environnements urbains, mais ils ont un \u00e9norme potentiel pour devenir des zones de culture dynamiques et productives. En cultivant des plantes comestibles sur les balcons, non seulement vous tirez le meilleur parti de votre espace, mais vous r\u00e9coltez \u00e9galement les fruits d'une alimentation fra\u00eeche et biologique dans votre propre maison.<\/p>\n<p><strong>Choisir les bonnes plantes pour votre balcon comestible : <\/strong>Le choix des plantes est fondamental pour la r\u00e9ussite d'un jardin comestible sur le balcon.<\/p>\n<h3><strong>S\u00e9lection de plantes adapt\u00e9es \u00e0 l'environnement urbain<\/strong><\/h3>\n<p>Optez pour des plantes qui s'adaptent bien aux conteneurs et qui peuvent prosp\u00e9rer dans des conditions de vie limit\u00e9es. Les herbes comme le basilic, le thym et le romarin sont d'excellents choix car elles n\u00e9cessitent peu d'espace et sont suffisamment robustes pour survivre en milieu urbain. Pour en savoir plus sur le choix des plantes id\u00e9ales, consultez notre article sur <strong>\"Choisir des plantes pour les balcons comestibles\".<\/strong>.<\/p>\n<h4>Lire aussi : <a href=\"https:\/\/criadix.com\/bem-estar\/jardins-urbanos-encantadores-dicas\/\">Jardins urbains de charme : Conseils<\/a><\/h4>\n<p><strong>Pr\u00e9paration de l'environnement de culture :<\/strong> Avant de commencer \u00e0 planter, assurez-vous de pr\u00e9parer correctement l'environnement de croissance sur votre balcon. Il s'agit notamment de choisir les bons r\u00e9cipients, de fournir un sol de qualit\u00e9 et de veiller \u00e0 ce que les plantes re\u00e7oivent la bonne quantit\u00e9 de soleil et d'eau. Dans notre guide d\u00e9taill\u00e9 sur <strong>\"Pr\u00e9parer le balcon pour la culture<\/strong>Vous y trouverez des conseils utiles pour cr\u00e9er un environnement id\u00e9al pour la croissance de vos plantes.<\/p>\n<p><strong>Soins quotidiens pour une culture de balcon r\u00e9ussie :<\/strong> Un entretien quotidien est essentiel pour que vos plantes comestibles prosp\u00e8rent sur votre balcon.<\/p>\n<h3><strong>Arrosage et fertilisation r\u00e9guliers<\/strong><\/h3>\n<p>\u00c9tablissez une routine d'arrosage et de fertilisation pour vos plantes, en veillant \u00e0 ce qu'elles re\u00e7oivent les nutriments dont elles ont besoin pour une croissance saine. N'oubliez pas de surveiller les conditions m\u00e9t\u00e9orologiques et d'adapter vos soins aux besoins des plantes. Dans notre article sur <strong>\"Soins quotidiens pour la culture des balcons<\/strong>nous examinons les aspects pratiques pour garder vos plantes en bonne sant\u00e9 et heureuses dans un environnement urbain.<\/p>\n<p>En conclusion, la culture de plantes comestibles sur les balcons ajoute non seulement de la beaut\u00e9 et de la verdure \u00e0 votre espace, mais fournit \u00e9galement une source constante d'aliments frais et d\u00e9licieux. Ce guide complet offre une vue d'ensemble de la mani\u00e8re de d\u00e9marrer et d'entretenir un jardin gourmand sur votre balcon, mais l'aventure ne s'arr\u00eate pas l\u00e0. Continuez \u00e0 explorer nos <strong>publications sur la culture de plantes comestibles sur les balcons<\/strong>Nous couvrons les diff\u00e9rents aspects de cette entreprise passionnante, des recettes aux techniques de culture avanc\u00e9es. Avec de l'engagement et du soin, votre balcon peut devenir un paradis de saveurs fra\u00eeches et d'ar\u00f4mes d\u00e9licieux.<\/p>\n<\/div>\n<\/div>\n<\/div>\n<\/div>\n<\/div>\n<\/div>\n<\/div>\n<\/div>\n<\/div>\n<\/div>\n<\/div>\n<\/div>","protected":false},"excerpt":{"rendered":"<p>Cultivar plantas comest\u00edveis em varandas \u00e9 uma maneira incr\u00edvel de trazer frescor e sabor para o seu lar, mesmo em espa\u00e7os urbanos limitados. Neste guia abrangente, exploraremos todas as etapas necess\u00e1rias para transformar sua varanda em um verdadeiro horto gourmet, proporcionando alimentos frescos e deliciosos diretamente do seu pr\u00f3prio espa\u00e7o verde. Explorando o Potencial das [&hellip;]<\/p>","protected":false},"author":11,"featured_media":1906,"comment_status":"open","ping_status":"open","sticky":false,"template":"","format":"standard","meta":{"footnotes":""},"categories":[210],"tags":[237,239,238,240],"class_list":["post-1904","post","type-post","status-publish","format-standard","has-post-thumbnail","hentry","category-bem-estar","tag-jardim","tag-plantas-comestiveis","tag-urbano","tag-varanda"],"blocksy_meta":[],"yoast_head":"<!-- This site is optimized with the Yoast SEO Premium plugin v27.2 (Yoast SEO v27.2) - https:\/\/yoast.com\/product\/yoast-seo-premium-wordpress\/ -->\n<title>Cultivo de Plantas Comest\u00edveis em Varandas - VLAteli\u00ea e Ateli\u00ea da Decora\u00e7\u00e3o<\/title>\n<meta name=\"description\" content=\"Cultivo de Plantas Comest\u00edveis em Varandas. Exploraremos todas as etapas necess\u00e1rias para transformar sua varanda em um verdadeiro horto.\" \/>\n<meta name=\"robots\" content=\"index, follow, max-snippet:-1, max-image-preview:large, max-video-preview:-1\" \/>\n<link rel=\"canonical\" href=\"https:\/\/vlatelie.com\/fr\/le-bien-etre\/la-culture-de-plantes-comestibles-sur-les-balcons\/\" \/>\n<meta property=\"og:locale\" content=\"fr_FR\" \/>\n<meta property=\"og:type\" content=\"article\" \/>\n<meta property=\"og:title\" content=\"Cultivo de Plantas Comest\u00edveis em Varandas\" \/>\n<meta property=\"og:description\" content=\"Cultivo de Plantas Comest\u00edveis em Varandas. Exploraremos todas as etapas necess\u00e1rias para transformar sua varanda em um verdadeiro horto.\" \/>\n<meta property=\"og:url\" content=\"https:\/\/vlatelie.com\/fr\/le-bien-etre\/la-culture-de-plantes-comestibles-sur-les-balcons\/\" \/>\n<meta property=\"og:site_name\" content=\"VLAteli\u00ea e Ateli\u00ea da Decora\u00e7\u00e3o\" \/>\n<meta property=\"article:publisher\" content=\"https:\/\/www.facebook.com\/ateliedadecora\" \/>\n<meta property=\"article:author\" content=\"https:\/\/www.facebook.com\/ateliedadecora\" \/>\n<meta property=\"article:published_time\" content=\"2024-02-06T15:41:30+00:00\" \/>\n<meta property=\"og:image\" content=\"https:\/\/vlatelie.com\/wp-content\/uploads\/2024\/02\/tomatevaranda.jpg\" \/>\n\t<meta property=\"og:image:width\" content=\"640\" \/>\n\t<meta property=\"og:image:height\" content=\"426\" \/>\n\t<meta property=\"og:image:type\" content=\"image\/jpeg\" \/>\n<meta name=\"author\" content=\"Cintia Smel\u00e1n\" \/>\n<meta name=\"twitter:card\" content=\"summary_large_image\" \/>\n<meta name=\"twitter:label1\" content=\"\u00c9crit par\" \/>\n\t<meta name=\"twitter:data1\" content=\"Cintia Smel\u00e1n\" \/>\n\t<meta name=\"twitter:label2\" content=\"Dur\u00e9e de lecture estim\u00e9e\" \/>\n\t<meta name=\"twitter:data2\" content=\"3 minutes\" \/>\n<script type=\"application\/ld+json\" class=\"yoast-schema-graph\">{\"@context\":\"https:\/\/schema.org\",\"@graph\":[{\"@type\":\"Article\",\"@id\":\"https:\/\/vlatelie.com\/en\/well-being\/growing-edible-plants-on-balconies\/#article\",\"isPartOf\":{\"@id\":\"https:\/\/vlatelie.com\/en\/well-being\/growing-edible-plants-on-balconies\/\"},\"author\":{\"name\":\"Cintia Smel\u00e1n\",\"@id\":\"https:\/\/vlatelie.com\/en\/#\/schema\/person\/c4e8b999386dc3c3caf89280b3fa12fe\"},\"headline\":\"Cultivo de Plantas Comest\u00edveis em Varandas\",\"datePublished\":\"2024-02-06T15:41:30+00:00\",\"mainEntityOfPage\":{\"@id\":\"https:\/\/vlatelie.com\/en\/well-being\/growing-edible-plants-on-balconies\/\"},\"wordCount\":519,\"commentCount\":0,\"publisher\":{\"@id\":\"https:\/\/vlatelie.com\/en\/#organization\"},\"image\":{\"@id\":\"https:\/\/vlatelie.com\/en\/well-being\/growing-edible-plants-on-balconies\/#primaryimage\"},\"thumbnailUrl\":\"https:\/\/vlatelie.com\/wp-content\/uploads\/2024\/02\/tomatevaranda.jpg\",\"keywords\":[\"jardim\",\"plantas comestiveis\",\"urbano\",\"varanda\"],\"articleSection\":[\"Bem-estar\"],\"inLanguage\":\"fr-FR\",\"potentialAction\":[{\"@type\":\"CommentAction\",\"name\":\"Comment\",\"target\":[\"https:\/\/vlatelie.com\/en\/well-being\/growing-edible-plants-on-balconies\/#respond\"]}],\"copyrightYear\":\"2024\",\"copyrightHolder\":{\"@id\":\"https:\/\/vlatelie.com\/fr\/#organization\"}},{\"@type\":\"WebPage\",\"@id\":\"https:\/\/vlatelie.com\/en\/well-being\/growing-edible-plants-on-balconies\/\",\"url\":\"https:\/\/vlatelie.com\/en\/well-being\/growing-edible-plants-on-balconies\/\",\"name\":\"Cultivo de Plantas Comest\u00edveis em Varandas - VLAteli\u00ea e Ateli\u00ea da Decora\u00e7\u00e3o\",\"isPartOf\":{\"@id\":\"https:\/\/vlatelie.com\/en\/#website\"},\"primaryImageOfPage\":{\"@id\":\"https:\/\/vlatelie.com\/en\/well-being\/growing-edible-plants-on-balconies\/#primaryimage\"},\"image\":{\"@id\":\"https:\/\/vlatelie.com\/en\/well-being\/growing-edible-plants-on-balconies\/#primaryimage\"},\"thumbnailUrl\":\"https:\/\/vlatelie.com\/wp-content\/uploads\/2024\/02\/tomatevaranda.jpg\",\"datePublished\":\"2024-02-06T15:41:30+00:00\",\"description\":\"Cultivo de Plantas Comest\u00edveis em Varandas. Exploraremos todas as etapas necess\u00e1rias para transformar sua varanda em um verdadeiro horto.\",\"breadcrumb\":{\"@id\":\"https:\/\/vlatelie.com\/en\/well-being\/growing-edible-plants-on-balconies\/#breadcrumb\"},\"inLanguage\":\"fr-FR\",\"potentialAction\":[{\"@type\":\"ReadAction\",\"target\":[\"https:\/\/vlatelie.com\/en\/well-being\/growing-edible-plants-on-balconies\/\"]}]},{\"@type\":\"ImageObject\",\"inLanguage\":\"fr-FR\",\"@id\":\"https:\/\/vlatelie.com\/en\/well-being\/growing-edible-plants-on-balconies\/#primaryimage\",\"url\":\"https:\/\/vlatelie.com\/wp-content\/uploads\/2024\/02\/tomatevaranda.jpg\",\"contentUrl\":\"https:\/\/vlatelie.com\/wp-content\/uploads\/2024\/02\/tomatevaranda.jpg\",\"width\":640,\"height\":426,\"caption\":\"Cultivo de Plantas Comest\u00edveis em Varandas\"},{\"@type\":\"BreadcrumbList\",\"@id\":\"https:\/\/vlatelie.com\/en\/well-being\/growing-edible-plants-on-balconies\/#breadcrumb\",\"itemListElement\":[{\"@type\":\"ListItem\",\"position\":1,\"name\":\"In\u00edcio\",\"item\":\"https:\/\/vlatelie.com\/en\/\"},{\"@type\":\"ListItem\",\"position\":2,\"name\":\"Cultivo de Plantas Comest\u00edveis em Varandas\"}]},{\"@type\":\"WebSite\",\"@id\":\"https:\/\/vlatelie.com\/en\/#website\",\"url\":\"https:\/\/vlatelie.com\/en\/\",\"name\":\"VLAteli\u00ea e Ateli\u00ea da Decora\u00e7\u00e3o\",\"description\":\"Onde cada pe\u00e7a conta uma hist\u00f3ria\",\"publisher\":{\"@id\":\"https:\/\/vlatelie.com\/en\/#organization\"},\"alternateName\":\"VLAteli\u00ea\",\"potentialAction\":[{\"@type\":\"SearchAction\",\"target\":{\"@type\":\"EntryPoint\",\"urlTemplate\":\"https:\/\/vlatelie.com\/en\/?s={search_term_string}\"},\"query-input\":{\"@type\":\"PropertyValueSpecification\",\"valueRequired\":true,\"valueName\":\"search_term_string\"}}],\"inLanguage\":\"fr-FR\"},{\"@type\":\"Organization\",\"@id\":\"https:\/\/vlatelie.com\/en\/#organization\",\"name\":\"VLAteli\u00ea e Ateli\u00ea da Decora\u00e7\u00e3o\",\"url\":\"https:\/\/vlatelie.com\/en\/\",\"logo\":{\"@type\":\"ImageObject\",\"inLanguage\":\"fr-FR\",\"@id\":\"https:\/\/vlatelie.com\/en\/#\/schema\/logo\/image\/\",\"url\":\"https:\/\/vlatelie.com\/wp-content\/uploads\/2024\/03\/logo_vlatelie_pink.svg\",\"contentUrl\":\"https:\/\/vlatelie.com\/wp-content\/uploads\/2024\/03\/logo_vlatelie_pink.svg\",\"width\":377,\"height\":127,\"caption\":\"VLAteli\u00ea e Ateli\u00ea da Decora\u00e7\u00e3o\"},\"image\":{\"@id\":\"https:\/\/vlatelie.com\/en\/#\/schema\/logo\/image\/\"},\"sameAs\":[\"https:\/\/www.facebook.com\/ateliedadecora\",\"https:\/\/www.instagram.com\/ateliedadecora\"],\"hasMerchantReturnPolicy\":{\"@type\":\"MerchantReturnPolicy\",\"merchantReturnLink\":\"https:\/\/vlatelie.com\/fr\/politique-de-retour-et-de-remboursement\/\"}},{\"@type\":\"Person\",\"@id\":\"https:\/\/vlatelie.com\/en\/#\/schema\/person\/c4e8b999386dc3c3caf89280b3fa12fe\",\"name\":\"Cintia Smel\u00e1n\",\"image\":{\"@type\":\"ImageObject\",\"inLanguage\":\"fr-FR\",\"@id\":\"https:\/\/vlatelie.com\/wp-content\/litespeed\/avatar\/37b4e60e83dea58314789b23aca20751.jpg?ver=1777391499\",\"url\":\"https:\/\/vlatelie.com\/wp-content\/litespeed\/avatar\/37b4e60e83dea58314789b23aca20751.jpg?ver=1777391499\",\"contentUrl\":\"https:\/\/vlatelie.com\/wp-content\/litespeed\/avatar\/37b4e60e83dea58314789b23aca20751.jpg?ver=1777391499\",\"caption\":\"Cintia Smel\u00e1n\"},\"description\":\"Desde cedo, descobri minha paix\u00e3o pela escrita, considerando-a uma forma poderosa de me conectar com os outros e transmitir mensagens significativas. Essa paix\u00e3o me impulsiona a compartilhar minhas reflex\u00f5es e experi\u00eancias em meu blog pessoal, onde me inspira e envolve minha comunidade online.\",\"sameAs\":[\"https:\/\/ateliedadecora.com\",\"https:\/\/www.facebook.com\/ateliedadecora\",\"https:\/\/www.instagram.com\/ateliedadecora\"],\"honorificPrefix\":\"Sra.\",\"birthDate\":\"1982-10-20\",\"gender\":\"feminino\",\"url\":\"https:\/\/vlatelie.com\/fr\/author\/cintia-cestaro\/\"}]}<\/script>\n<!-- \/ Yoast SEO Premium plugin. -->","yoast_head_json":{"title":"Cultiver des plantes comestibles sur les balcons - VLAteli\u00ea et Ateli\u00ea da Decora\u00e7\u00e3o","description":"Cultiver des plantes comestibles sur les balcons. Nous examinerons toutes les \u00e9tapes n\u00e9cessaires pour transformer votre balcon en un v\u00e9ritable jardin potager.","robots":{"index":"index","follow":"follow","max-snippet":"max-snippet:-1","max-image-preview":"max-image-preview:large","max-video-preview":"max-video-preview:-1"},"canonical":"https:\/\/vlatelie.com\/fr\/le-bien-etre\/la-culture-de-plantes-comestibles-sur-les-balcons\/","og_locale":"fr_FR","og_type":"article","og_title":"Cultivo de Plantas Comest\u00edveis em Varandas","og_description":"Cultivo de Plantas Comest\u00edveis em Varandas. Exploraremos todas as etapas necess\u00e1rias para transformar sua varanda em um verdadeiro horto.","og_url":"https:\/\/vlatelie.com\/fr\/le-bien-etre\/la-culture-de-plantes-comestibles-sur-les-balcons\/","og_site_name":"VLAteli\u00ea e Ateli\u00ea da Decora\u00e7\u00e3o","article_publisher":"https:\/\/www.facebook.com\/ateliedadecora","article_author":"https:\/\/www.facebook.com\/ateliedadecora","article_published_time":"2024-02-06T15:41:30+00:00","og_image":[{"width":640,"height":426,"url":"https:\/\/vlatelie.com\/wp-content\/uploads\/2024\/02\/tomatevaranda.jpg","type":"image\/jpeg"}],"author":"Cintia Smel\u00e1n","twitter_card":"summary_large_image","twitter_misc":{"\u00c9crit par":"Cintia Smel\u00e1n","Dur\u00e9e de lecture estim\u00e9e":"3 minutes"},"schema":{"@context":"https:\/\/schema.org","@graph":[{"@type":"Article","@id":"https:\/\/vlatelie.com\/en\/well-being\/growing-edible-plants-on-balconies\/#article","isPartOf":{"@id":"https:\/\/vlatelie.com\/en\/well-being\/growing-edible-plants-on-balconies\/"},"author":{"name":"Cintia Smel\u00e1n","@id":"https:\/\/vlatelie.com\/en\/#\/schema\/person\/c4e8b999386dc3c3caf89280b3fa12fe"},"headline":"Cultivo de Plantas Comest\u00edveis em Varandas","datePublished":"2024-02-06T15:41:30+00:00","mainEntityOfPage":{"@id":"https:\/\/vlatelie.com\/en\/well-being\/growing-edible-plants-on-balconies\/"},"wordCount":519,"commentCount":0,"publisher":{"@id":"https:\/\/vlatelie.com\/en\/#organization"},"image":{"@id":"https:\/\/vlatelie.com\/en\/well-being\/growing-edible-plants-on-balconies\/#primaryimage"},"thumbnailUrl":"https:\/\/vlatelie.com\/wp-content\/uploads\/2024\/02\/tomatevaranda.jpg","keywords":["jardim","plantas comestiveis","urbano","varanda"],"articleSection":["Bem-estar"],"inLanguage":"fr-FR","potentialAction":[{"@type":"CommentAction","name":"Comment","target":["https:\/\/vlatelie.com\/en\/well-being\/growing-edible-plants-on-balconies\/#respond"]}],"copyrightYear":"2024","copyrightHolder":{"@id":"https:\/\/vlatelie.com\/fr\/#organization"}},{"@type":"WebPage","@id":"https:\/\/vlatelie.com\/en\/well-being\/growing-edible-plants-on-balconies\/","url":"https:\/\/vlatelie.com\/en\/well-being\/growing-edible-plants-on-balconies\/","name":"Cultiver des plantes comestibles sur les balcons - VLAteli\u00ea et Ateli\u00ea da Decora\u00e7\u00e3o","isPartOf":{"@id":"https:\/\/vlatelie.com\/en\/#website"},"primaryImageOfPage":{"@id":"https:\/\/vlatelie.com\/en\/well-being\/growing-edible-plants-on-balconies\/#primaryimage"},"image":{"@id":"https:\/\/vlatelie.com\/en\/well-being\/growing-edible-plants-on-balconies\/#primaryimage"},"thumbnailUrl":"https:\/\/vlatelie.com\/wp-content\/uploads\/2024\/02\/tomatevaranda.jpg","datePublished":"2024-02-06T15:41:30+00:00","description":"Cultiver des plantes comestibles sur les balcons. Nous examinerons toutes les \u00e9tapes n\u00e9cessaires pour transformer votre balcon en un v\u00e9ritable jardin potager.","breadcrumb":{"@id":"https:\/\/vlatelie.com\/en\/well-being\/growing-edible-plants-on-balconies\/#breadcrumb"},"inLanguage":"fr-FR","potentialAction":[{"@type":"ReadAction","target":["https:\/\/vlatelie.com\/en\/well-being\/growing-edible-plants-on-balconies\/"]}]},{"@type":"ImageObject","inLanguage":"fr-FR","@id":"https:\/\/vlatelie.com\/en\/well-being\/growing-edible-plants-on-balconies\/#primaryimage","url":"https:\/\/vlatelie.com\/wp-content\/uploads\/2024\/02\/tomatevaranda.jpg","contentUrl":"https:\/\/vlatelie.com\/wp-content\/uploads\/2024\/02\/tomatevaranda.jpg","width":640,"height":426,"caption":"Cultivo de Plantas Comest\u00edveis em Varandas"},{"@type":"BreadcrumbList","@id":"https:\/\/vlatelie.com\/en\/well-being\/growing-edible-plants-on-balconies\/#breadcrumb","itemListElement":[{"@type":"ListItem","position":1,"name":"In\u00edcio","item":"https:\/\/vlatelie.com\/en\/"},{"@type":"ListItem","position":2,"name":"Cultivo de Plantas Comest\u00edveis em Varandas"}]},{"@type":"WebSite","@id":"https:\/\/vlatelie.com\/en\/#website","url":"https:\/\/vlatelie.com\/en\/","name":"VLAteli\u00ea et Ateli\u00ea da Decora\u00e7\u00e3o","description":"O\u00f9 chaque pi\u00e8ce raconte une histoire","publisher":{"@id":"https:\/\/vlatelie.com\/en\/#organization"},"alternateName":"VLAteli\u00ea","potentialAction":[{"@type":"SearchAction","target":{"@type":"EntryPoint","urlTemplate":"https:\/\/vlatelie.com\/en\/?s={search_term_string}"},"query-input":{"@type":"PropertyValueSpecification","valueRequired":true,"valueName":"search_term_string"}}],"inLanguage":"fr-FR"},{"@type":"Organization","@id":"https:\/\/vlatelie.com\/en\/#organization","name":"VLAteli\u00ea et Ateli\u00ea da Decora\u00e7\u00e3o","url":"https:\/\/vlatelie.com\/en\/","logo":{"@type":"ImageObject","inLanguage":"fr-FR","@id":"https:\/\/vlatelie.com\/en\/#\/schema\/logo\/image\/","url":"https:\/\/vlatelie.com\/wp-content\/uploads\/2024\/03\/logo_vlatelie_pink.svg","contentUrl":"https:\/\/vlatelie.com\/wp-content\/uploads\/2024\/03\/logo_vlatelie_pink.svg","width":377,"height":127,"caption":"VLAteli\u00ea e Ateli\u00ea da Decora\u00e7\u00e3o"},"image":{"@id":"https:\/\/vlatelie.com\/en\/#\/schema\/logo\/image\/"},"sameAs":["https:\/\/www.facebook.com\/ateliedadecora","https:\/\/www.instagram.com\/ateliedadecora"],"hasMerchantReturnPolicy":{"@type":"MerchantReturnPolicy","merchantReturnLink":"https:\/\/vlatelie.com\/fr\/politique-de-retour-et-de-remboursement\/"}},{"@type":"Person","@id":"https:\/\/vlatelie.com\/en\/#\/schema\/person\/c4e8b999386dc3c3caf89280b3fa12fe","name":"Cintia Smel\u00e1n","image":{"@type":"ImageObject","inLanguage":"fr-FR","@id":"https:\/\/vlatelie.com\/wp-content\/litespeed\/avatar\/37b4e60e83dea58314789b23aca20751.jpg?ver=1777391499","url":"https:\/\/vlatelie.com\/wp-content\/litespeed\/avatar\/37b4e60e83dea58314789b23aca20751.jpg?ver=1777391499","contentUrl":"https:\/\/vlatelie.com\/wp-content\/litespeed\/avatar\/37b4e60e83dea58314789b23aca20751.jpg?ver=1777391499","caption":"Cintia Smel\u00e1n"},"description":"D\u00e8s mon plus jeune \u00e2ge, j'ai d\u00e9couvert ma passion pour l'\u00e9criture, consid\u00e9rant qu'il s'agissait d'un moyen puissant de communiquer avec les autres et de transmettre des messages significatifs. Cette passion me pousse \u00e0 partager mes r\u00e9flexions et mes exp\u00e9riences sur mon blog personnel, o\u00f9 j'inspire et engage ma communaut\u00e9 en ligne.","sameAs":["https:\/\/ateliedadecora.com","https:\/\/www.facebook.com\/ateliedadecora","https:\/\/www.instagram.com\/ateliedadecora"],"honorificPrefix":"Sra.","birthDate":"1982-10-20","gender":"feminino","url":"https:\/\/vlatelie.com\/fr\/author\/cintia-cestaro\/"}]}},"_links":{"self":[{"href":"https:\/\/vlatelie.com\/fr\/wp-json\/wp\/v2\/posts\/1904","targetHints":{"allow":["GET"]}}],"collection":[{"href":"https:\/\/vlatelie.com\/fr\/wp-json\/wp\/v2\/posts"}],"about":[{"href":"https:\/\/vlatelie.com\/fr\/wp-json\/wp\/v2\/types\/post"}],"author":[{"embeddable":true,"href":"https:\/\/vlatelie.com\/fr\/wp-json\/wp\/v2\/users\/11"}],"replies":[{"embeddable":true,"href":"https:\/\/vlatelie.com\/fr\/wp-json\/wp\/v2\/comments?post=1904"}],"version-history":[{"count":0,"href":"https:\/\/vlatelie.com\/fr\/wp-json\/wp\/v2\/posts\/1904\/revisions"}],"wp:featuredmedia":[{"embeddable":true,"href":"https:\/\/vlatelie.com\/fr\/wp-json\/wp\/v2\/media\/1906"}],"wp:attachment":[{"href":"https:\/\/vlatelie.com\/fr\/wp-json\/wp\/v2\/media?parent=1904"}],"wp:term":[{"taxonomy":"category","embeddable":true,"href":"https:\/\/vlatelie.com\/fr\/wp-json\/wp\/v2\/categories?post=1904"},{"taxonomy":"post_tag","embeddable":true,"href":"https:\/\/vlatelie.com\/fr\/wp-json\/wp\/v2\/tags?post=1904"}],"curies":[{"name":"wp","href":"https:\/\/api.w.org\/{rel}","templated":true}]}}